{"id":5717,"date":"2023-11-14T12:16:00","date_gmt":"2023-11-14T11:16:00","guid":{"rendered":"https:\/\/galerieleage.com\/?post_type=presse&#038;p=5717"},"modified":"2026-03-30T14:00:55","modified_gmt":"2026-03-30T12:00:55","slug":"linterspecialite-au-coeur-de-levenement","status":"publish","type":"presse","link":"https:\/\/galerieleage.com\/en\/press\/linterspecialite-au-coeur-de-levenement\/","title":{"rendered":"L\u2019intersp\u00e9cialit\u00e9 au coeur de l\u2019\u00e9v\u00e8nement"},"content":{"rendered":"\n<div data-wp-interactive=\"core\/file\" class=\"wp-block-file\"><object data-wp-bind--hidden=\"!state.hasPdfPreview\" hidden class=\"wp-block-file__embed\" data=\"https:\/\/galerieleage.com\/wp-content\/uploads\/2023\/07\/lefigaro_sept2022-1.pdf\" type=\"application\/pdf\" style=\"width:100%;height:970px\" aria-label=\"Embed of lefigaro_sept2022.\"><\/object><a id=\"wp-block-file--media-2951d6e8-4bfd-424e-b49d-935d4c45a7ea\" href=\"https:\/\/galerieleage.com\/wp-content\/uploads\/2023\/07\/lefigaro_sept2022-1.pdf\">lefigaro_sept2022<\/a><a href=\"https:\/\/galerieleage.com\/wp-content\/uploads\/2023\/07\/lefigaro_sept2022-1.pdf\" class=\"wp-block-file__button wp-element-button\" download aria-describedby=\"wp-block-file--media-2951d6e8-4bfd-424e-b49d-935d4c45a7ea\">Download<\/a><\/div>\n","protected":false},"excerpt":{"rendered":"<p><di><\/di><\/p>\n","protected":false},"author":3,"featured_media":5687,"parent":0,"menu_order":0,"template":"","categories":[],"tags":[],"gsm_block":[],"class_list":["post-5717","presse","type-presse","status-publish","has-post-thumbnail","hentry"],"mb":[],"acf":{"titre_presse":{"simple_value_formatted":"L'intersp\u00e9cialit\u00e9 au coeur de l'\u00e9v\u00e8nement","value_formatted":"L'intersp\u00e9cialit\u00e9 au coeur de l'\u00e9v\u00e8nement","value":"L'intersp\u00e9cialit\u00e9 au coeur de l'\u00e9v\u00e8nement","field":{"ID":111,"key":"field_64b8bb4779759","label":"Titre de l'article","name":"titre_presse","aria-label":"","prefix":"acf","type":"text","value":null,"menu_order":0,"instructions":"","required":0,"id":"","class":"","conditional_logic":0,"parent":110,"wrapper":{"width":"","class":"","id":""},"default_value":"","maxlength":"","placeholder":"","prepend":"","append":"","wpml_cf_preferences":2,"_name":"titre_presse","_valid":1}},"source_presse":{"simple_value_formatted":"","value_formatted":"","value":"","field":{"ID":112,"key":"field_64b8bb8a763d4","label":"Source","name":"source_presse","aria-label":"","prefix":"acf","type":"text","value":null,"menu_order":1,"instructions":"","required":0,"id":"","class":"","conditional_logic":0,"parent":110,"wrapper":{"width":"","class":"","id":""},"default_value":"","maxlength":"","placeholder":"","prepend":"","append":"","wpml_cf_preferences":2,"_name":"source_presse","_valid":1}},"url_presse":{"simple_value_formatted":"https:\/\/www.lefigaro.fr\/sortir-paris\/guillaume-leage-l-interspecialite-au-coeur-de-l-evenement-20220913","value_formatted":"https:\/\/www.lefigaro.fr\/sortir-paris\/guillaume-leage-l-interspecialite-au-coeur-de-l-evenement-20220913","value":"https:\/\/www.lefigaro.fr\/sortir-paris\/guillaume-leage-l-interspecialite-au-coeur-de-l-evenement-20220913","field":{"ID":113,"key":"field_64b8bbaa763d5","label":"URL","name":"url_presse","aria-label":"","prefix":"acf","type":"url","value":null,"menu_order":2,"instructions":"","required":0,"id":"","class":"","conditional_logic":0,"parent":110,"wrapper":{"width":"","class":"","id":""},"default_value":"","placeholder":"","wpml_cf_preferences":3,"_name":"url_presse","_valid":1}},"date_de_publication_presse":{"simple_value_formatted":"14\/09\/2022","value_formatted":"20220914","value":"20220914","field":{"ID":114,"key":"field_64b8bbb8763d6","label":"Date de publication","name":"date_de_publication_presse","aria-label":"","prefix":"acf","type":"date_picker","value":null,"menu_order":3,"instructions":"","required":0,"id":"","class":"","conditional_logic":0,"parent":110,"wrapper":{"width":"","class":"","id":""},"display_format":"j F Y","return_format":"d\/m\/Y","first_day":1,"wpml_cf_preferences":3,"_name":"date_de_publication_presse","_valid":1,"default_to_current_date":0}},"sous-titre":{"simple_value_formatted":"","value_formatted":"","value":"","field":{"ID":230,"key":"field_64b8fb93e8ef4","label":"Sous-titre","name":"sous-titre","aria-label":"","prefix":"acf","type":"text","value":null,"menu_order":4,"instructions":"","required":0,"id":"","class":"","conditional_logic":0,"parent":110,"wrapper":{"width":"","class":"","id":""},"default_value":"","maxlength":"","placeholder":"","prepend":"","append":"","wpml_cf_preferences":2,"_name":"sous-titre","_valid":1}},"auteur":{"simple_value_formatted":"","value_formatted":"","value":"","field":{"ID":231,"key":"field_64b8fb9de8ef5","label":"Auteur","name":"auteur","aria-label":"","prefix":"acf","type":"text","value":null,"menu_order":5,"instructions":"","required":0,"id":"","class":"","conditional_logic":0,"parent":110,"wrapper":{"width":"","class":"","id":""},"default_value":"","maxlength":"","placeholder":"","prepend":"","append":"","wpml_cf_preferences":2,"_name":"auteur","_valid":1}},"evenement_concerne":{"simple_value_formatted":"","value_formatted":null,"value":null,"field":{"ID":1925,"key":"field_6576fc5f763be","label":"\u00c9v\u00e9nement concern\u00e9","name":"evenement_concerne","aria-label":"","prefix":"acf","type":"relationship","value":null,"menu_order":6,"instructions":"","required":0,"id":"","class":"","conditional_logic":0,"parent":110,"wrapper":{"width":"","class":"","id":"","data-form_width":600},"only_front":0,"frontend_admin_display_mode":"edit","no_values_message":"","wp-typography":"none","post_type":["evenement"],"post_status":"","taxonomy":"","filters":["search","post_type","taxonomy"],"return_format":"object","post_author":"","add_edit_post":1,"post_author_edit":0,"add_post_button":"Add Post","form_width":600,"post_form_template":"","acfe_bidirectional":{"acfe_bidirectional_enabled":true,"acfe_bidirectional_related":["field_6576fcb012a4a"]},"min":"","max":"","elements":"","bidirectional":0,"bidirectional_target":[],"wpml_cf_preferences":3,"_name":"evenement_concerne","_valid":1}}},"mfb_rest_fields":["title"],"_links":{"self":[{"href":"https:\/\/galerieleage.com\/en\/wp-json\/wp\/v2\/presse\/5717","targetHints":{"allow":["GET"]}}],"collection":[{"href":"https:\/\/galerieleage.com\/en\/wp-json\/wp\/v2\/presse"}],"about":[{"href":"https:\/\/galerieleage.com\/en\/wp-json\/wp\/v2\/types\/presse"}],"author":[{"embeddable":true,"href":"https:\/\/galerieleage.com\/en\/wp-json\/wp\/v2\/users\/3"}],"version-history":[{"count":2,"href":"https:\/\/galerieleage.com\/en\/wp-json\/wp\/v2\/presse\/5717\/revisions"}],"predecessor-version":[{"id":5719,"href":"https:\/\/galerieleage.com\/en\/wp-json\/wp\/v2\/presse\/5717\/revisions\/5719"}],"wp:featuredmedia":[{"embeddable":true,"href":"https:\/\/galerieleage.com\/en\/wp-json\/wp\/v2\/media\/5687"}],"wp:attachment":[{"href":"https:\/\/galerieleage.com\/en\/wp-json\/wp\/v2\/media?parent=5717"}],"wp:term":[{"taxonomy":"category","embeddable":true,"href":"https:\/\/galerieleage.com\/en\/wp-json\/wp\/v2\/categories?post=5717"},{"taxonomy":"post_tag","embeddable":true,"href":"https:\/\/galerieleage.com\/en\/wp-json\/wp\/v2\/tags?post=5717"},{"taxonomy":"gsm_block","embeddable":true,"href":"https:\/\/galerieleage.com\/en\/wp-json\/wp\/v2\/gsm_block?post=5717"}],"curies":[{"name":"wp","href":"https:\/\/api.w.org\/{rel}","templated":true}]}}